{"id":1104,"date":"2019-08-05T11:14:54","date_gmt":"2019-08-05T09:14:54","guid":{"rendered":"http:\/\/www.amicidellorgano.org\/?p=1104"},"modified":"2019-08-05T11:16:05","modified_gmt":"2019-08-05T09:16:05","slug":"concerto-ensemble-les-nations-30-agosto-2019","status":"publish","type":"post","link":"https:\/\/www.amicidellorgano.org\/index.php\/2019\/08\/05\/concerto-ensemble-les-nations-30-agosto-2019\/","title":{"rendered":"Concerto ENSEMBLE  LES NATIONS &#8211; 30 agosto 2019"},"content":{"rendered":"<p><strong>Concerto ENSEMBLE LES NATIONS &#8211; 30 agosto 2019<\/strong><\/p>\n<p><img loading=\"lazy\" decoding=\"async\" class=\"aligncenter wp-image-1057 size-large\" src=\"http:\/\/www.amicidellorgano.org\/wp-content\/uploads\/concerti2019\/02-ensemble-les-nations-1024x576.jpg\" alt=\"Concerto ENSEMBLE LES NATIONS - 30 agosto 2019\" width=\"474\" height=\"267\" \/><\/p>\n<p><strong>Venerd\u00ec 30 agosto ore 21<\/strong><br \/>\n<strong>BORGHETTO DI BORBERA, chiesa di S. Antonio<\/strong><br \/>\n<strong>ENSEMBLE LES NATIONS<\/strong><br \/>\n<strong>Arianna Lanci, voce<\/strong><br \/>\n<strong>Elena Bianchi, dulciana<\/strong><br \/>\n<strong>Maria Luisa Baldassari, clavicembalo<\/strong><\/p>\n<p><strong>Concerto per la presentazione dei lavori di restauro della facciata e degli affreschi dell&#8217; abside<\/strong><\/p>\n<p><strong>Programma<\/strong><br \/>\nBartolomeo Tromboncino<br \/>\nHor che&#8217;l ciel et la terra<br \/>\n(in <em>Frottole intabulate per sonar organi,<\/em> Roma, Antico, 1517)<\/p>\n<p>Marchetto Cara<br \/>\nNon \u00e8 tempo d&#8217;aspettare<br \/>\n(in <em>Frottole libro I<\/em>, Venezia, Petrucci, 1504)<\/p>\n<p>Andrea Gabrieli<br \/>\nSusane un jour<br \/>\n(in <em>Canzoni alla francese&#8230; <\/em>Venezia, A. Gardano, 1605)<\/p>\n<p>Andrea Gabrieli<br \/>\n<em>Frais et galliard<br \/>\n<\/em>(in <em>Canzoni alla francese,\u2026 libro quinto<\/em> Venezia, A. Gardano, 1605)<\/p>\n<p>Michele Pesenti<br \/>\nChe faralla, che diralla<br \/>\n(in <em>Frottole libro XI<\/em>, Venezia, Petrucci, 1514 e <em>Frottole<\/em>&#8230; cit, Antico 1517)<\/p>\n<p>Don Timoteo<br \/>\nUscirallo o resterallo<br \/>\n(in <em>Frottole libro XI<\/em>, Venezia, Petrucci, 1514)<\/p>\n<p>Bartolom\u00e9 de Selma y Salaverde<br \/>\nVestiva i colli passeggiato a basso solo<br \/>\n(in <em>Canzoni, fantasie et correnti.<\/em>.., Venezia, B. Magni, 1638)<\/p>\n<p>Carlo Filago<br \/>\nAlma Redemptoris mater<br \/>\nVenite venite<br \/>\n(in <em>Sacri concerti a voce sola<\/em>, Venezia, B. Magni 1642)<\/p>\n<p>Andrea Gabrieli<br \/>\n<em>Frais et galliard<br \/>\n<\/em>in <em>Canzoni alla francese,\u2026 libro quinto<\/em> (Venezia, Gardano,1605)<\/p>\n<p>Carlo Filago<br \/>\nSalve Regina<br \/>\n(in <em>Sacri concerti a voce sola<\/em>, Venezia, B. Magni 1642)<\/p>\n<p>Bernardo Storace<br \/>\nLa Monica<br \/>\n(in <em>Selva di varie compositioni<\/em>.., Venezia, s.s. 1664)<\/p>\n<p>Carlo Filago<br \/>\nTota pulchra<br \/>\n(in <em>Sacri concerti<\/em>, cit.)<\/p>\n<p>Diego Ortiz<br \/>\nRecercada Secunda<br \/>\n(in <em>Trattado de glosas<\/em>&#8230;, Roma, V. Dorico, 1553)<\/p>\n<p>Claudio Monteverdi<br \/>\nS\u00ec dolce \u00e8 il tormento<br \/>\n(in C. Milanuzzi, <em>Quarto scherzo delle ariose vaghezze<\/em>, Venezia, A.Vincenti 1624)<\/p>\n<p>Barbara Strozzi<br \/>\nUdite amanti<br \/>\n(in <em>Cantate ariette e duetti op.2<\/em>,Venezia, F. Magni, 1651)<\/p>\n<p><!--more--><\/p>\n<p><strong>Ensemble Les Nations<br \/>\n<\/strong>L&#8217;ensemble Les Nations \u00e8 presente da alcuni anni sulla scena musicale italiana; nato con l&#8217;intento di approfondire il repertorio barocco italiano ha in seguito esteso i suoi interessi al repertorio rinascimentale, su solide basi di ricerca filologica che per\u00f2 non trascura l&#8217;aspetto spettacolare.<br \/>\nIl gruppo ha registrato per radio RAI 3, ha partecipato a numerose rassegne e festival musicali in diverse citt\u00e0 italiane (ricordiamo Bolzano Festival, il Festival del concorso internazionale Guido d&#8217;Arezzo e il doppio appuntamento MITO, 2007 e 2008) ed \u00e8 stato invitato a festival musicali in Grecia e Francia; su commissione della Fondazione Cassa di Risparmio di Padova e Rovigo ha allestito \u2018Euridice\u2019 di Jacopo Peri, che ha avuto diverse repliche in vari luoghi storici del Veneto nell\u2019estate 1999 con notevole successo di pubblico. La stessa opera \u00e8 stata commissionata dal prestigioso festival MITO 2008.<br \/>\nNell\u2019ottobre 1997 l\u2019ensemble ha inciso il primo compact, dedicato alle musiche sacre del compositore mantovano\/veronese B. Tromboncino per la casa discografica Tactus. La registrazione \u00e8 stata modellata sulla pratica vocale e strumentale del primo Rinascimento, in particolare nel Nord Italia e a Venezia. Un nuovo CD dedicato alla musica profana di Tromboncino \u00e8 uscito nel 2001; nel 2002 \u00e8 stata pubblicata invece una registrazione di composizioni sacre e profane del polifonista Costanzo Porta. Dal 2005 inizia invece la ricerca sull\u2019oratorio emiliano romagnolo di fine \u2018600, che ha prodotto finora 5 titoli: il primo anno \u00e8 uscito il CD che contiene l&#8217;oratorio di Giovanni Paolo Colonna \u201cIl Transito di S. Giuseppe\u201d, inedito conservato alla biblioteca Estense di Modena, trascritto per l&#8217;occasione. Nel 2008 \u00e8 uscito un altro oratorio inedito, \u201cSan Sigismondo re di Borgogna\u201d, del compositore bolognese Domenico Gabrielli, e. nel 2011 l&#8217;ultima produzione ha visto eseguire e registrare il \u201cMos\u00e8\u201d di Giacomo Antonio Perti. Pubblicati nel 2014 \u201cGionata\u201d di Antonio Pio e \u201cAssalonne\u201d di G. P. Colonna, mentre il lavoro prosegue con il \u201cGiona\u201d di G. B: Bassani. Tutti gli oratori sono stati presentati in vari Festival italiani.<br \/>\nI suoi componenti hanno al proprio attivo ampie esperienze musicali come solisti, docenti in conservatori e corsi di perfezionamento musicale, musicologi. &#8220;Con le sue sonorit\u00e0 (Les Nations) ci ha riportato a un epoca pi\u00f9 felice&#8230; [K.Papadakis, Rethimnika Nea, Creta]. &#8220;L&#8217;Ensemble Les Nations \u00e8 riuscito felicemente a far concordare codici stilistici e codici di ascolto&#8230;.[Il Resto del Carlino] \u201cIl festino del Gioved\u00ec grasso eseguito dall&#8217;Ensemble Les Nations&#8230;un appuntamento imperdibile\u201d [La Nazione] \u201cAn interpretation full of grace&#8230;\u201d \u201cenjoyable playing and singing&#8230;\u201d[Early Music America]<\/p>\n","protected":false},"excerpt":{"rendered":"<p>Concerto ENSEMBLE LES NATIONS &#8211; 30 agosto 2019 Venerd\u00ec 30 agosto ore 21 BORGHETTO DI BORBERA, chiesa di S. Antonio ENSEMBLE LES NATIONS Arianna Lanci, voce Elena Bianchi, dulciana Maria &hellip; <a href=\"https:\/\/www.amicidellorgano.org\/index.php\/2019\/08\/05\/concerto-ensemble-les-nations-30-agosto-2019\/\" class=\"more-link\">Continua la lettura di <span class=\"screen-reader-text\">Concerto ENSEMBLE  LES NATIONS &#8211; 30 agosto 2019<\/span> <span class=\"meta-nav\">&rarr;<\/span><\/a><\/p>\n","protected":false},"author":1,"featured_media":0,"comment_status":"closed","ping_status":"closed","sticky":false,"template":"","format":"standard","meta":{"footnotes":""},"categories":[141,13],"tags":[142,143,146],"class_list":["post-1104","post","type-post","status-publish","format-standard","hentry","category-concerti-2019","category-news","tag-borghetto-borbera","tag-concerti2019","tag-ensemble-les-nations"],"_links":{"self":[{"href":"https:\/\/www.amicidellorgano.org\/index.php\/wp-json\/wp\/v2\/posts\/1104"}],"collection":[{"href":"https:\/\/www.amicidellorgano.org\/index.php\/wp-json\/wp\/v2\/posts"}],"about":[{"href":"https:\/\/www.amicidellorgano.org\/index.php\/wp-json\/wp\/v2\/types\/post"}],"author":[{"embeddable":true,"href":"https:\/\/www.amicidellorgano.org\/index.php\/wp-json\/wp\/v2\/users\/1"}],"replies":[{"embeddable":true,"href":"https:\/\/www.amicidellorgano.org\/index.php\/wp-json\/wp\/v2\/comments?post=1104"}],"version-history":[{"count":3,"href":"https:\/\/www.amicidellorgano.org\/index.php\/wp-json\/wp\/v2\/posts\/1104\/revisions"}],"predecessor-version":[{"id":1108,"href":"https:\/\/www.amicidellorgano.org\/index.php\/wp-json\/wp\/v2\/posts\/1104\/revisions\/1108"}],"wp:attachment":[{"href":"https:\/\/www.amicidellorgano.org\/index.php\/wp-json\/wp\/v2\/media?parent=1104"}],"wp:term":[{"taxonomy":"category","embeddable":true,"href":"https:\/\/www.amicidellorgano.org\/index.php\/wp-json\/wp\/v2\/categories?post=1104"},{"taxonomy":"post_tag","embeddable":true,"href":"https:\/\/www.amicidellorgano.org\/index.php\/wp-json\/wp\/v2\/tags?post=1104"}],"curies":[{"name":"wp","href":"https:\/\/api.w.org\/{rel}","templated":true}]}}