{"id":681,"global_id":"www.amicidellorgano.org?id=681","global_id_lineage":["www.amicidellorgano.org?id=681"],"author":"1","status":"publish","date":"2017-06-20 23:48:29","date_utc":"2017-06-20 21:48:29","modified":"2017-06-20 23:48:29","modified_utc":"2017-06-20 21:48:29","url":"https:\/\/www.amicidellorgano.org\/index.php\/event\/concerto-johan-hermans-8-luglio-2017\/","rest_url":"https:\/\/www.amicidellorgano.org\/index.php\/wp-json\/tribe\/events\/v1\/events\/681","title":"Concerto Johan Hermans \u2013 8 luglio 2017","description":"<p>Il settimo concerto della nuova Stagione si svolger\u00e0 sabato 8 luglio alle ore 21 presso <strong>l&#8217;Oratorio dell&#8217;Annunziata a Ovada <\/strong>e avr\u00e0 come interprete <strong>Johan Hermans<\/strong><br \/>\nall\u2019organo<\/p>\n<p>Si ringraziano <strong>Fondazioni CRT, CRAL e SOCIAL<\/strong>, il <strong>Conservatorio \u201cVivaldi\u201d<\/strong> per la preziosa collaborazione che ci aiuta sempre a mantenere elevata l\u2019offerta artistica.<\/p>\n<p><strong>Programma<br \/>\n<\/strong>Abraham Kerckhoven\u00a0\u00a0 (1619 &#8211; 1701)<br \/>\nSalve Regina, 5 versetti per organo<br \/>\nVerse on the 6<sup>th<\/sup> tone (in the style of a canzona francese)<br \/>\nFantasia del primo tono<\/p>\n<p>Joan Cabanilles (1644 &#8211; 1712)<br \/>\nTiento de mano derecha sobre &#8216;Ave Maris Stella&#8217;<\/p>\n<p>J.P. Sweelinck (1562 &#8211; 1621)<br \/>\nVariazioni sul canto studentesco &#8220;More Palatino&#8221;<\/p>\n<p>John Bull (1563 &#8211; 1628)<br \/>\nSalve Regina, 5 versetti organistici<\/p>\n<p>Gherardeschi (1759 \u2013 1815)<br \/>\nRond\u00f2 I da \u201cSuonate da organo\u201d <em>[1787]\u00a0\u00a0\u00a0\u00a0\u00a0\u00a0\u00a0\u00a0\u00a0\u00a0\u00a0\u00a0\u00a0\u00a0\u00a0\u00a0\u00a0\u00a0\u00a0\u00a0\u00a0\u00a0\u00a0\u00a0\u00a0\u00a0\u00a0\u00a0\u00a0\u00a0\u00a0\u00a0\u00a0\u00a0\u00a0\u00a0\u00a0\u00a0\u00a0\u00a0\u00a0\u00a0\u00a0\u00a0\u00a0\u00a0 <\/em><\/p>\n<p>Philip Glass (\u00b0 1937)<br \/>\nMad Rush<\/p>\n<p>Niccol\u00f2 Moretti (1763 &#8211; 1821)<br \/>\nSonata VIII ad uso sinfonia<\/p>\n<p>Carlo Fumagalli (1813 &#8211; 1901)<br \/>\ndalla <em>&#8220;Messa Solenne tratta da opere del celebre G. <\/em><em>Verdi e adattata all&#8217; organo da Carlo Fumagalli&#8221;<\/em> :<br \/>\nVersetti per il Gloria da &#8220;Traviata<br \/>\nMarcia per dopo la Messa da &#8220;Aida&#8221;<\/p>\n<p><strong>Johan Hermans<\/strong> \u00e8 docente di Organo e Musica da Camera presso il Conservatorio di Hasselt (Belgio) ed \u00e8 organista dell&#8217; organo Cavaill\u00e9-Coll della\u00a0 Chiesa del Sacro Cuore nella stessa citt\u00e0.<br \/>\n\u00c8 fondatore e direttore artistico del Festival Internazionale di Organo promosso dalle autori\u00e0 provinciali e nazionali.<br \/>\nHa studiato organo, Composizione organistica\u00a0 e storia della musica presso il famoso Istituto Lemmens di Leuven e presso il\u00a0 Conservatorio Reale di Li\u00e8ge (Belgio), dove ha completato gli studi\u00a0 con una tesi dal titolo &#8220;Retorica ed Affetti nella musica di J.S. Bach&#8221;,\u00a0 ottenendo il diploma superiore (Premio di Virtuosit\u00e0, &#8220;DMA&#8221;) in organo e la\u00a0 premiazione con la State Medal da parte del Governatore della communit\u00e0 francese belga.<br \/>\nGrazie al conseguimento di borse di studio ricevute dalla Comunit\u00e0 fiamminga e francese, ha proseguito il suo perfezionamento seguendo master class internazionali in Francia, in Germania, in Spagna, nei Paesi Bassi ed in Italia.<br \/>\nLa sua intensa attivit\u00e0 concertistica lo ha portato ad esibirsi come solista presso importanti festival in Europa, nel Regno Unito, negli Stati Uniti, in Brasil, Uruguay, Australia, Russia e in Giappone. Invitato ad inaugurare nuovi strumenti, Johan Hermans ha tenuto master class presso diverse universit\u00e0.<br \/>\nHa inoltre partecipato a numerose incisioni in differenti nazioni e per svariate case discografiche.<br \/>\nHa realizzato registrazioni per la radio in Belgio, nei Paesi Bassi, in Germania, in Canada, in Polonia, in Spagna, negli Stati Uniti ed in Lettonia ed ha effettuato registrazioni su CD-labels, ricevendo lodevoli riconoscimenti.<br \/>\nI suoi prossimi appuntamenti concertistici saranno presso la Cattedrale Notre Dame di Parigi (Francia), Kaiser Dom a Francoforte (Germania), il municipio a Adelaide (Australia), la Cattedrale st Giles a Edinburgh (Scozia) ed in varie citt\u00e0 degli Stati Uniti.<br \/>\nNell\u2019Aprile 2005 Johan Hermns \u00e8 stato insignito del titolo di &#8220;Arts &#8211; Sciences &#8211; Lettres&#8221; dall\u2019 Academic Society di Parigi.<\/p>","excerpt":"","slug":"concerto-johan-hermans-8-luglio-2017","image":false,"all_day":false,"start_date":"2017-07-08 21:00:00","start_date_details":{"year":"2017","month":"07","day":"08","hour":"21","minutes":"00","seconds":"00"},"end_date":"2017-07-08 23:00:00","end_date_details":{"year":"2017","month":"07","day":"08","hour":"23","minutes":"00","seconds":"00"},"utc_start_date":"2017-07-08 19:00:00","utc_start_date_details":{"year":"2017","month":"07","day":"08","hour":"19","minutes":"00","seconds":"00"},"utc_end_date":"2017-07-08 21:00:00","utc_end_date_details":{"year":"2017","month":"07","day":"08","hour":"21","minutes":"00","seconds":"00"},"timezone":"Europe\/Rome","timezone_abbr":"CEST","cost":"","cost_details":{"currency_symbol":"","currency_code":"","currency_position":"prefix","values":[]},"website":"","show_map":true,"show_map_link":true,"hide_from_listings":false,"sticky":false,"featured":false,"categories":[{"name":"Concerti 2017","slug":"concerti-2017","term_group":0,"term_taxonomy_id":71,"taxonomy":"tribe_events_cat","description":"XXXVIII Stagione internazionale di concerti sugli organi storici Citt\u00e0 di Alessandria della provincia di Alessandria","parent":0,"count":17,"filter":"raw","id":71,"urls":{"self":"https:\/\/www.amicidellorgano.org\/index.php\/wp-json\/tribe\/events\/v1\/categories\/71","collection":"https:\/\/www.amicidellorgano.org\/index.php\/wp-json\/tribe\/events\/v1\/categories"}}],"tags":[{"name":"concerti2017","slug":"concerti2017","term_group":0,"term_taxonomy_id":72,"taxonomy":"post_tag","description":"","parent":0,"count":38,"filter":"raw","id":72,"urls":{"self":"https:\/\/www.amicidellorgano.org\/index.php\/wp-json\/tribe\/events\/v1\/tags\/72","collection":"https:\/\/www.amicidellorgano.org\/index.php\/wp-json\/tribe\/events\/v1\/tags"}},{"name":"johan hermans","slug":"johan-hermans","term_group":0,"term_taxonomy_id":81,"taxonomy":"post_tag","description":"","parent":0,"count":1,"filter":"raw","id":81,"urls":{"self":"https:\/\/www.amicidellorgano.org\/index.php\/wp-json\/tribe\/events\/v1\/tags\/81","collection":"https:\/\/www.amicidellorgano.org\/index.php\/wp-json\/tribe\/events\/v1\/tags"}},{"name":"oratorio dell'annunziata","slug":"oratorio-dellannunziata","term_group":0,"term_taxonomy_id":24,"taxonomy":"post_tag","description":"","parent":0,"count":6,"filter":"raw","id":24,"urls":{"self":"https:\/\/www.amicidellorgano.org\/index.php\/wp-json\/tribe\/events\/v1\/tags\/24","collection":"https:\/\/www.amicidellorgano.org\/index.php\/wp-json\/tribe\/events\/v1\/tags"}},{"name":"ovada","slug":"ovada","term_group":0,"term_taxonomy_id":25,"taxonomy":"post_tag","description":"","parent":0,"count":20,"filter":"raw","id":25,"urls":{"self":"https:\/\/www.amicidellorgano.org\/index.php\/wp-json\/tribe\/events\/v1\/tags\/25","collection":"https:\/\/www.amicidellorgano.org\/index.php\/wp-json\/tribe\/events\/v1\/tags"}}],"venue":{"id":345,"author":"1","status":"publish","date":"2016-06-23 13:53:22","date_utc":"2016-06-23 11:53:22","modified":"2017-06-20 23:48:54","modified_utc":"2017-06-20 21:48:54","url":"https:\/\/www.amicidellorgano.org\/index.php\/luogo\/oratorio-dellannunziata\/","venue":"Oratorio dell&#8217;Annunziata &#8211; Ovada","slug":"oratorio-dellannunziata","address":"Via San Paolo 37","city":"Ovada","country":"Italia","province":"Alessandria","zip":"15076","website":"https:\/\/www.facebook.com\/Chiesa-della-Confraternita-della-SS-Annunziata-Ovada-218794438275674\/","stateprovince":"Alessandria","json_ld":{"@type":"Place","name":"Oratorio dell&#8217;Annunziata &#8211; Ovada","description":"","url":"","address":{"@type":"PostalAddress","streetAddress":"Via San Paolo 37","addressLocality":"Ovada","addressRegion":"Alessandria","postalCode":"15076","addressCountry":"Italia"},"telephone":"","sameAs":"https:\/\/www.facebook.com\/Chiesa-della-Confraternita-della-SS-Annunziata-Ovada-218794438275674\/"},"show_map":true,"show_map_link":true,"global_id":"www.amicidellorgano.org?id=345","global_id_lineage":["www.amicidellorgano.org?id=345"]},"organizer":[{"id":308,"author":"1","status":"publish","date":"2016-06-14 14:36:02","date_utc":"2016-06-14 12:36:02","modified":"2020-08-04 12:51:39","modified_utc":"2020-08-04 10:51:39","url":"https:\/\/www.amicidellorgano.org\/index.php\/organizzatore\/letizia-romiti\/","organizer":"Letizia Romiti","description":"<p align=\"justify\">Letizia Romiti, di origine toscana, si \u00e8 diplomata in Organo e Composizione organistica sotto la guida di Luigi Benedetti presso il Conservatorio \u201cG. Verdi\u201d di Milano ed ha conseguito presso l\u2019Universit\u00e0 degli Studi della stessa citt\u00e0 la laurea in Filosofia con una tesi sulle messe organistiche di G. Cavazzoni, relatore G. Barblan. Si \u00e8 poi diplomata in clavicembalo presso il Conservatorio di Brescia con Fiorella Brancacci ed in Prepolifonia presso il Conservatorio di Torino ove ha studiato con Wally Pellizzari e Fulvio Rampi.<\/p>\n<p align=\"JUSTIFY\">Ha frequentato per cinque anni il corso di Luigi Ferdinando Tagliavini presso l\u2019Accademia di musica antica italiana per organo di Pistoia e corsi di interpretazione tenuti da Kenneth Gilbert, Anton Heiller, Ton Koopman e da altri qualificatissimi Maestri.<\/p>\n<p align=\"JUSTIFY\">Ha collaborato con riviste musicali e quotidiani ed ha pubblicato il volume \u201cGli organi storici della citt\u00e0 di Alessandria\u201d.<\/p>\n<p align=\"JUSTIFY\">Ha tenuto concerti in tutta Europa, negli Stati Uniti e nell\u2019ex Unione Sovietica, esibendosi in rassegne e sedi prestigiose fra cui la Neue Gewandhaus di Lipsia, lo Schauspielhaus di Berlino, il teatro dell\u2019Opera di Kiev, le \u201cSemaines Internationales d\u2019Orgue de Dijon\u201d, il Festival internazionale di musica classica di Napoli, il Festival \u201dSlovensk\u00e9 Historich\u00e8 Organy\u201d, le \u201cJornadas Internacionales de Organo\u201d di Zaragoza, \u201cSettembre Musica\u201d di Torino, Festival di Treviso e della marca trevigiana, \u201cCambridge Summer Recitals\u201d, i Festivals di Lausanne, Leon, di Cervo e di Sion, le manifestazioni ufficiali per GENOVA 2004, le Cattedrali di Bordeaux, di Bellinzona, di Siviglia, di Malaga, di Konstanz, di Chester, di Varsavia e di Oliwa, l\u2019Auditorium del Conservatorio di Kazan (Russia), i Concerti dell\u2019Accademia di Pistoia.<\/p>\n<p align=\"JUSTIFY\">Ha effettuato numerose incisioni discografiche, tra le quali spiccano l\u2019opera organistica di Carlo Mosso, registrata in prima mondiale per la prestigiosa etichetta TACTUS, ed il recentissimo \u201c Johann Sebastian Bach \u2013 Christmas organ music\u201d edito da ELEGIA RECORDS, entrambe premiate con cinque stelle dalla prestigiosa rivista MUSICA.<\/p>\n<p align=\"JUSTIFY\">Sue registrazioni ed esecuzioni dal vivo sono state trasmesse da terzo canale Rai, da RAI UNO, da Radio Vaticana, dalla Radiotelevisione spagnola e cecoslovacca.<\/p>\n<p align=\"JUSTIFY\">Ha tenuto \u201cmasterclasses\u201d sulla musica antica italiana per organo e corsi di interpretazione in Italia ed all\u2019estero.<\/p>\n<p align=\"JUSTIFY\">E\u2019 docente di organo e Composizione organistica presso il Conservatorio \u201cA. Vivaldi\u201d di Alessandria.<\/p>\n<p align=\"JUSTIFY\">Suona regolarmente in duo con Elena Romiti (oboe e Corno Inglese) e con il proprio Maestro Luigi Benedetti, organista emerito del Duomo di Milano, e collabora con gruppi orchestrali, cameristici e vocali.<\/p>\n<p align=\"JUSTIFY\">Dal 1978 collabora con la Provincia di Alessandria quale consulente artistico per l\u2019organizzazione della Stagione di concerti sugli strumenti storici del territorio.<\/p>","slug":"letizia-romiti","phone":"3387193623","website":"www.amicidellorgano.org","email":"letizia.romiti@gmail.com","json_ld":{"@type":"Person","name":"Letizia Romiti","description":"&lt;p&gt;Letizia Romiti, di origine toscana, si \u00e8 diplomata in Organo e Composizione organistica sotto la guida di Luigi Benedetti presso il Conservatorio \u201cG. Verdi\u201d di Milano ed ha conseguito presso &hellip; &lt;a href=&quot;https:\/\/www.amicidellorgano.org\/index.php\/organizzatore\/letizia-romiti\/&quot; class=&quot;more-link&quot;&gt;Continua la lettura di &lt;span class=&quot;screen-reader-text&quot;&gt;Letizia Romiti&lt;\/span&gt; &lt;span class=&quot;meta-nav&quot;&gt;&rarr;&lt;\/span&gt;&lt;\/a&gt;&lt;\/p&gt;\\n","url":"http:\/\/www.amicidellorgano.org","telephone":"3387193623","email":"&#108;e&#116;&#105;zi&#97;&#46;ro&#109;i&#116;&#105;&#64;gm&#97;&#105;&#108;&#46;&#99;o&#109;","sameAs":"http:\/\/www.amicidellorgano.org"},"global_id":"www.amicidellorgano.org?id=308","global_id_lineage":["www.amicidellorgano.org?id=308"]}],"custom_fields":[],"json_ld":{"@context":"http:\/\/schema.org","@type":"Event","name":"Concerto Johan Hermans \u2013 8 luglio 2017","description":"&lt;p&gt;Il settimo concerto della nuova Stagione si svolger\u00e0 sabato 8 luglio alle ore 21 presso l\\'Oratorio dell\\'Annunziata a Ovada e avr\u00e0 come interprete Johan Hermans all\u2019organo Si ringraziano Fondazioni CRT, &hellip; &lt;a href=&quot;https:\/\/www.amicidellorgano.org\/index.php\/event\/concerto-johan-hermans-8-luglio-2017\/&quot; class=&quot;more-link&quot;&gt;Continua la lettura di &lt;span class=&quot;screen-reader-text&quot;&gt;Concerto Johan Hermans \u2013 8 luglio 2017&lt;\/span&gt; &lt;span class=&quot;meta-nav&quot;&gt;&rarr;&lt;\/span&gt;&lt;\/a&gt;&lt;\/p&gt;\\n","url":"https:\/\/www.amicidellorgano.org\/index.php\/event\/concerto-johan-hermans-8-luglio-2017\/","eventAttendanceMode":"https:\/\/schema.org\/OfflineEventAttendanceMode","eventStatus":"https:\/\/schema.org\/EventScheduled","startDate":"2017-07-08T21:00:00+02:00","endDate":"2017-07-08T23:00:00+02:00","location":{"@type":"Place","name":"Oratorio dell&#8217;Annunziata &#8211; Ovada","description":"","url":"","address":{"@type":"PostalAddress","streetAddress":"Via San Paolo 37","addressLocality":"Ovada","addressRegion":"Alessandria","postalCode":"15076","addressCountry":"Italia"},"telephone":"","sameAs":"https:\/\/www.facebook.com\/Chiesa-della-Confraternita-della-SS-Annunziata-Ovada-218794438275674\/"},"organizer":{"@type":"Person","name":"Letizia Romiti","description":"&lt;p&gt;Letizia Romiti, di origine toscana, si \u00e8 diplomata in Organo e Composizione organistica sotto la guida di Luigi Benedetti presso il Conservatorio \u201cG. Verdi\u201d di Milano ed ha conseguito presso &hellip; &lt;a href=&quot;https:\/\/www.amicidellorgano.org\/index.php\/organizzatore\/letizia-romiti\/&quot; class=&quot;more-link&quot;&gt;Continua la lettura di &lt;span class=&quot;screen-reader-text&quot;&gt;Letizia Romiti&lt;\/span&gt; &lt;span class=&quot;meta-nav&quot;&gt;&rarr;&lt;\/span&gt;&lt;\/a&gt;&lt;\/p&gt;\\n","url":"http:\/\/www.amicidellorgano.org","telephone":"3387193623","email":"le&#116;&#105;z&#105;&#97;.r&#111;m&#105;t&#105;&#64;&#103;mail.&#99;o&#109;","sameAs":"http:\/\/www.amicidellorgano.org"},"performer":"Organization"}}