{"id":1852,"global_id":"www.amicidellorgano.org?id=1852","global_id_lineage":["www.amicidellorgano.org?id=1852"],"author":"1","status":"publish","date":"2023-08-02 12:27:53","date_utc":"2023-08-02 10:27:53","modified":"2023-08-02 12:29:07","modified_utc":"2023-08-02 10:29:07","url":"https:\/\/www.amicidellorgano.org\/index.php\/event\/concerto-anneke-brose-27-agosto-2023\/","rest_url":"https:\/\/www.amicidellorgano.org\/index.php\/wp-json\/tribe\/events\/v1\/events\/1852","title":"Concerto Anneke Brose &#8211; 27 agosto 2023","description":"<p><strong>Concerto Anneke Brose &#8211; 27 agosto 2023<\/strong><\/p>\n<p><img loading=\"lazy\" decoding=\"async\" class=\"aligncenter wp-image-1853 size-full\" src=\"http:\/\/www.amicidellorgano.org\/wp-content\/uploads\/concerti2023\/09-anneke-brose.jpg\" alt=\"Concerto Anneke Brose - 27 agosto 2023\" width=\"502\" height=\"668\" \/><\/p>\n<p><strong>Domenica 27 agosto 2023 ore 18<\/strong><br \/>\n<strong>OVADA, Oratorio dell&#8217;Annunziata<\/strong><br \/>\n<strong>ANNEKE BROSE, organo (Germania)<\/strong><\/p>\n<p><strong>Programma<br \/>\n<\/strong>DIETERICH BUXTEHUDE (1637-1707)<br \/>\nToccata in Sol maggiore (BuxWV 164)<\/p>\n<p>JAN PIETERSZOON SWEELINCK (1562-1621)<br \/>\nVon der Fortuna werd ich getrieben (tre Variazioni)<\/p>\n<p>VINCENT L\u00dcBECK (1654-1740)<br \/>\nChacon in La maggiore<\/p>\n<p>GEORG B\u00d6HM (1661-1733)<br \/>\nWer nur den lieben Gott l\u00e4sst walten (sette Variazioni)<br \/>\nPr\u00e4ludium, Fuge und Postludium in sol minore<\/p>\n<p>JOHN STANLEY (1712-1786)<br \/>\nVoluntary Op. 5 No. 1 in Do maggiore<br \/>\nAdagio \u2013 Andante \u2013 Slow \u2013 Allegro<\/p>\n<p>DOMENICO ZIPOLI (attribuiti) (1688-1726)<br \/>\ndai manoscritti dell&#8217;Archivio Musical de Chiquitos (Conc\u00e9pcion, Bolivia):<br \/>\nPreludio \u2013 Folias<\/p>\n<p>JOHANN GOTTFRIED WALTHER (1684-1748)<br \/>\nConcerto del Signor Gregori in Si bemolle maggiore<br \/>\nLargo \u2013 Allegro \u2013 Adagio e staccato \u2013 Allegro<\/p>\n<p>JOHANN PACHELBEL (1653-1706)<br \/>\nAria Sebaldina in fa minore<br \/>\n(dall\u2019\u201cHexachordum Apollinis\u201d, otto Variazioni)<\/p>\n<p>JOHANN SEBASTIAN BACH (1685-1750)<br \/>\nFuga sopra il Magnificat (BWV 733)<\/p>\n<p><strong>ANNEKE BROSE<\/strong><br \/>\nAnneke Brose \u00e8 nata a Oldenburg, nel nord della Germania, e ha ricevuto le sue prime lezioni di pianoforte e organo con Ralf Gr\u00f6ssler a Wildeshausen. Ha studiato Musica Antica all&#8217;Universit\u00e0 delle Arti di Brema (organo principale con Harald Vogel, Hans Davidsson e Edoardo Bellotti).<br \/>\nDopo la laurea ha continuato i suoi studi nel programma di Master &#8220;Organo e relativi strumenti a tastiera&#8221; presso le Universit\u00e0 di G\u00f6teborg e Pite\u00e5 in Svezia. Ha studiato organo con Hans\u2010Ola Ericsson, Johannes Landgren e Karin Nelson e clavicordo come materia secondaria con Joel Speerstra. Durante i suoi studi in Svezia, ha ricevuto una borsa di studio dalla fondazione &#8220;V\u00e4rmlands S\u00f6nner Gille&#8221;.<br \/>\nHa partecipato a masterclass con Lorenzo Ghielmi, Guy Bovet e Josep Maria Mas Bonet. Anneke lavora come organista e interprete con particolare attenzione alla musica antica.<br \/>\nTiene spesso concerti d&#8217;organo e si \u00e8 gi\u00e0 esibita su diversi importanti organi storici. Tra le altre cose, \u00e8 ospite abituale degli organi storici della Frisia orientale, incluso il famoso organo Schnitger di Norden.<br \/>\nI tour di concerti l&#8217;hanno portata in Austria, Norvegia e America Latina. Nel 2022 ha tenuto un concerto d&#8217;organo al \u201cFestival Internacional de M\u00fasica Antigua\u201d in Per\u00f9. Anneke si esibisce anche come suonatrice di basso continuo e lavora come musicista di chiesa a Brema.<\/p>","excerpt":"","slug":"concerto-anneke-brose-27-agosto-2023","image":false,"all_day":false,"start_date":"2023-08-27 18:00:00","start_date_details":{"year":"2023","month":"08","day":"27","hour":"18","minutes":"00","seconds":"00"},"end_date":"2023-08-27 19:00:00","end_date_details":{"year":"2023","month":"08","day":"27","hour":"19","minutes":"00","seconds":"00"},"utc_start_date":"2023-08-27 16:00:00","utc_start_date_details":{"year":"2023","month":"08","day":"27","hour":"16","minutes":"00","seconds":"00"},"utc_end_date":"2023-08-27 17:00:00","utc_end_date_details":{"year":"2023","month":"08","day":"27","hour":"17","minutes":"00","seconds":"00"},"timezone":"Europe\/Rome","timezone_abbr":"CEST","cost":"","cost_details":{"currency_symbol":"","currency_code":"","currency_position":"prefix","values":[]},"website":"","show_map":false,"show_map_link":false,"hide_from_listings":false,"sticky":false,"featured":false,"categories":[{"name":"Concerti 2023","slug":"concerti-2023","term_group":0,"term_taxonomy_id":237,"taxonomy":"tribe_events_cat","description":"","parent":0,"count":17,"filter":"raw","id":237,"urls":{"self":"https:\/\/www.amicidellorgano.org\/index.php\/wp-json\/tribe\/events\/v1\/categories\/237","collection":"https:\/\/www.amicidellorgano.org\/index.php\/wp-json\/tribe\/events\/v1\/categories"}}],"tags":[{"name":"anneke brose","slug":"anneke-brose","term_group":0,"term_taxonomy_id":248,"taxonomy":"post_tag","description":"","parent":0,"count":2,"filter":"raw","id":248,"urls":{"self":"https:\/\/www.amicidellorgano.org\/index.php\/wp-json\/tribe\/events\/v1\/tags\/248","collection":"https:\/\/www.amicidellorgano.org\/index.php\/wp-json\/tribe\/events\/v1\/tags"}},{"name":"concerti2023","slug":"concerti2023","term_group":0,"term_taxonomy_id":239,"taxonomy":"post_tag","description":"","parent":0,"count":37,"filter":"raw","id":239,"urls":{"self":"https:\/\/www.amicidellorgano.org\/index.php\/wp-json\/tribe\/events\/v1\/tags\/239","collection":"https:\/\/www.amicidellorgano.org\/index.php\/wp-json\/tribe\/events\/v1\/tags"}},{"name":"ovada","slug":"ovada","term_group":0,"term_taxonomy_id":25,"taxonomy":"post_tag","description":"","parent":0,"count":20,"filter":"raw","id":25,"urls":{"self":"https:\/\/www.amicidellorgano.org\/index.php\/wp-json\/tribe\/events\/v1\/tags\/25","collection":"https:\/\/www.amicidellorgano.org\/index.php\/wp-json\/tribe\/events\/v1\/tags"}}],"venue":{"id":345,"author":"1","status":"publish","date":"2016-06-23 13:53:22","date_utc":"2016-06-23 11:53:22","modified":"2017-06-20 23:48:54","modified_utc":"2017-06-20 21:48:54","url":"https:\/\/www.amicidellorgano.org\/index.php\/luogo\/oratorio-dellannunziata\/","venue":"Oratorio dell&#8217;Annunziata &#8211; Ovada","slug":"oratorio-dellannunziata","address":"Via San Paolo 37","city":"Ovada","country":"Italia","province":"Alessandria","zip":"15076","website":"https:\/\/www.facebook.com\/Chiesa-della-Confraternita-della-SS-Annunziata-Ovada-218794438275674\/","stateprovince":"Alessandria","json_ld":{"@type":"Place","name":"Oratorio dell&#8217;Annunziata &#8211; Ovada","description":"","url":"","address":{"@type":"PostalAddress","streetAddress":"Via San Paolo 37","addressLocality":"Ovada","addressRegion":"Alessandria","postalCode":"15076","addressCountry":"Italia"},"telephone":"","sameAs":"https:\/\/www.facebook.com\/Chiesa-della-Confraternita-della-SS-Annunziata-Ovada-218794438275674\/"},"show_map":true,"show_map_link":true,"global_id":"www.amicidellorgano.org?id=345","global_id_lineage":["www.amicidellorgano.org?id=345"]},"organizer":[{"id":308,"author":"1","status":"publish","date":"2016-06-14 14:36:02","date_utc":"2016-06-14 12:36:02","modified":"2020-08-04 12:51:39","modified_utc":"2020-08-04 10:51:39","url":"https:\/\/www.amicidellorgano.org\/index.php\/organizzatore\/letizia-romiti\/","organizer":"Letizia Romiti","description":"<p align=\"justify\">Letizia Romiti, di origine toscana, si \u00e8 diplomata in Organo e Composizione organistica sotto la guida di Luigi Benedetti presso il Conservatorio \u201cG. Verdi\u201d di Milano ed ha conseguito presso l\u2019Universit\u00e0 degli Studi della stessa citt\u00e0 la laurea in Filosofia con una tesi sulle messe organistiche di G. Cavazzoni, relatore G. Barblan. Si \u00e8 poi diplomata in clavicembalo presso il Conservatorio di Brescia con Fiorella Brancacci ed in Prepolifonia presso il Conservatorio di Torino ove ha studiato con Wally Pellizzari e Fulvio Rampi.<\/p>\n<p align=\"JUSTIFY\">Ha frequentato per cinque anni il corso di Luigi Ferdinando Tagliavini presso l\u2019Accademia di musica antica italiana per organo di Pistoia e corsi di interpretazione tenuti da Kenneth Gilbert, Anton Heiller, Ton Koopman e da altri qualificatissimi Maestri.<\/p>\n<p align=\"JUSTIFY\">Ha collaborato con riviste musicali e quotidiani ed ha pubblicato il volume \u201cGli organi storici della citt\u00e0 di Alessandria\u201d.<\/p>\n<p align=\"JUSTIFY\">Ha tenuto concerti in tutta Europa, negli Stati Uniti e nell\u2019ex Unione Sovietica, esibendosi in rassegne e sedi prestigiose fra cui la Neue Gewandhaus di Lipsia, lo Schauspielhaus di Berlino, il teatro dell\u2019Opera di Kiev, le \u201cSemaines Internationales d\u2019Orgue de Dijon\u201d, il Festival internazionale di musica classica di Napoli, il Festival \u201dSlovensk\u00e9 Historich\u00e8 Organy\u201d, le \u201cJornadas Internacionales de Organo\u201d di Zaragoza, \u201cSettembre Musica\u201d di Torino, Festival di Treviso e della marca trevigiana, \u201cCambridge Summer Recitals\u201d, i Festivals di Lausanne, Leon, di Cervo e di Sion, le manifestazioni ufficiali per GENOVA 2004, le Cattedrali di Bordeaux, di Bellinzona, di Siviglia, di Malaga, di Konstanz, di Chester, di Varsavia e di Oliwa, l\u2019Auditorium del Conservatorio di Kazan (Russia), i Concerti dell\u2019Accademia di Pistoia.<\/p>\n<p align=\"JUSTIFY\">Ha effettuato numerose incisioni discografiche, tra le quali spiccano l\u2019opera organistica di Carlo Mosso, registrata in prima mondiale per la prestigiosa etichetta TACTUS, ed il recentissimo \u201c Johann Sebastian Bach \u2013 Christmas organ music\u201d edito da ELEGIA RECORDS, entrambe premiate con cinque stelle dalla prestigiosa rivista MUSICA.<\/p>\n<p align=\"JUSTIFY\">Sue registrazioni ed esecuzioni dal vivo sono state trasmesse da terzo canale Rai, da RAI UNO, da Radio Vaticana, dalla Radiotelevisione spagnola e cecoslovacca.<\/p>\n<p align=\"JUSTIFY\">Ha tenuto \u201cmasterclasses\u201d sulla musica antica italiana per organo e corsi di interpretazione in Italia ed all\u2019estero.<\/p>\n<p align=\"JUSTIFY\">E\u2019 docente di organo e Composizione organistica presso il Conservatorio \u201cA. Vivaldi\u201d di Alessandria.<\/p>\n<p align=\"JUSTIFY\">Suona regolarmente in duo con Elena Romiti (oboe e Corno Inglese) e con il proprio Maestro Luigi Benedetti, organista emerito del Duomo di Milano, e collabora con gruppi orchestrali, cameristici e vocali.<\/p>\n<p align=\"JUSTIFY\">Dal 1978 collabora con la Provincia di Alessandria quale consulente artistico per l\u2019organizzazione della Stagione di concerti sugli strumenti storici del territorio.<\/p>","slug":"letizia-romiti","phone":"3387193623","website":"www.amicidellorgano.org","email":"letizia.romiti@gmail.com","json_ld":{"@type":"Person","name":"Letizia Romiti","description":"&lt;p&gt;Letizia Romiti, di origine toscana, si \u00e8 diplomata in Organo e Composizione organistica sotto la guida di Luigi Benedetti presso il Conservatorio \u201cG. Verdi\u201d di Milano ed ha conseguito presso &hellip; &lt;a href=&quot;https:\/\/www.amicidellorgano.org\/index.php\/organizzatore\/letizia-romiti\/&quot; class=&quot;more-link&quot;&gt;Continua la lettura di &lt;span class=&quot;screen-reader-text&quot;&gt;Letizia Romiti&lt;\/span&gt; &lt;span class=&quot;meta-nav&quot;&gt;&rarr;&lt;\/span&gt;&lt;\/a&gt;&lt;\/p&gt;\\n","url":"http:\/\/www.amicidellorgano.org","telephone":"3387193623","email":"&#108;&#101;t&#105;&#122;ia.&#114;&#111;&#109;&#105;t&#105;&#64;g&#109;a&#105;l.&#99;&#111;m","sameAs":"http:\/\/www.amicidellorgano.org"},"global_id":"www.amicidellorgano.org?id=308","global_id_lineage":["www.amicidellorgano.org?id=308"]}],"custom_fields":[],"json_ld":{"@context":"http:\/\/schema.org","@type":"Event","name":"Concerto Anneke Brose &#8211; 27 agosto 2023","description":"&lt;p&gt;Concerto Anneke Brose - 27 agosto 2023 Domenica 27 agosto 2023 ore 18 OVADA, Oratorio dell\\'Annunziata ANNEKE BROSE, organo (Germania) Programma DIETERICH BUXTEHUDE (1637-1707) Toccata in Sol maggiore (BuxWV 164) &hellip; &lt;a href=&quot;https:\/\/www.amicidellorgano.org\/index.php\/event\/concerto-anneke-brose-27-agosto-2023\/&quot; class=&quot;more-link&quot;&gt;Continua la lettura di &lt;span class=&quot;screen-reader-text&quot;&gt;Concerto Anneke Brose &#8211; 27 agosto 2023&lt;\/span&gt; &lt;span class=&quot;meta-nav&quot;&gt;&rarr;&lt;\/span&gt;&lt;\/a&gt;&lt;\/p&gt;\\n","url":"https:\/\/www.amicidellorgano.org\/index.php\/event\/concerto-anneke-brose-27-agosto-2023\/","eventAttendanceMode":"https:\/\/schema.org\/OfflineEventAttendanceMode","eventStatus":"https:\/\/schema.org\/EventScheduled","startDate":"2023-08-27T18:00:00+02:00","endDate":"2023-08-27T19:00:00+02:00","location":{"@type":"Place","name":"Oratorio dell&#8217;Annunziata &#8211; Ovada","description":"","url":"","address":{"@type":"PostalAddress","streetAddress":"Via San Paolo 37","addressLocality":"Ovada","addressRegion":"Alessandria","postalCode":"15076","addressCountry":"Italia"},"telephone":"","sameAs":"https:\/\/www.facebook.com\/Chiesa-della-Confraternita-della-SS-Annunziata-Ovada-218794438275674\/"},"organizer":{"@type":"Person","name":"Letizia Romiti","description":"&lt;p&gt;Letizia Romiti, di origine toscana, si \u00e8 diplomata in Organo e Composizione organistica sotto la guida di Luigi Benedetti presso il Conservatorio \u201cG. Verdi\u201d di Milano ed ha conseguito presso &hellip; &lt;a href=&quot;https:\/\/www.amicidellorgano.org\/index.php\/organizzatore\/letizia-romiti\/&quot; class=&quot;more-link&quot;&gt;Continua la lettura di &lt;span class=&quot;screen-reader-text&quot;&gt;Letizia Romiti&lt;\/span&gt; &lt;span class=&quot;meta-nav&quot;&gt;&rarr;&lt;\/span&gt;&lt;\/a&gt;&lt;\/p&gt;\\n","url":"http:\/\/www.amicidellorgano.org","telephone":"3387193623","email":"&#108;&#101;&#116;&#105;&#122;&#105;&#97;&#46;&#114;omiti&#64;&#103;ma&#105;&#108;&#46;co&#109;","sameAs":"http:\/\/www.amicidellorgano.org"},"performer":"Organization"}}