{"id":1659,"global_id":"www.amicidellorgano.org?id=1659","global_id_lineage":["www.amicidellorgano.org?id=1659"],"author":"1","status":"publish","date":"2022-08-16 08:57:37","date_utc":"2022-08-16 06:57:37","modified":"2022-08-16 08:57:37","modified_utc":"2022-08-16 06:57:37","url":"https:\/\/www.amicidellorgano.org\/index.php\/event\/concerto-andrea-verrando-21-agosto-2022\/","rest_url":"https:\/\/www.amicidellorgano.org\/index.php\/wp-json\/tribe\/events\/v1\/events\/1659","title":"Concerto Andrea Verrando &#8211; 21 agosto 2022","description":"<p><strong>Concerto Andrea Verrando &#8211; 21 agosto 2022<\/strong><\/p>\n<p><img loading=\"lazy\" decoding=\"async\" class=\"aligncenter wp-image-1658 size-full\" src=\"http:\/\/www.amicidellorgano.org\/wp-content\/uploads\/concerti2022\/03-Andrea-Verrando.jpg\" alt=\"Concerto Andrea Verrando - 21 agosto 2022\" width=\"642\" height=\"768\" \/><\/p>\n<p data-wp-editing=\"1\">\n<p><strong>Domenica 21 agosto 2022, ore 17.30<\/strong><br \/>\n<strong>OVADA, Oratorio dell&#8217;Annunziata<br \/>\nANDREA VERRANDO, organo<br \/>\n<\/strong><strong>XLIII Stagione internazionale di concerti sugli organi storici<br \/>\n<\/strong><\/p>\n<p>La Stagione \u00e8 sostenuta da <strong>Fondazione CRAL<\/strong>, <strong>Fondazione CRT<\/strong>, <strong>Gruppo AMAG<\/strong>, <strong>Consiglio Regionale del Piemonte<\/strong> e dalla <strong>Regione Piemonte<\/strong>.<\/p>\n<p><span style=\"font-family: Arial, sans-serif; font-size: medium;\">Sar\u00e0\u00a0<\/span>ANDREA VERRANDO, neolaureato di fresco al Conservatorio \u201cA. Vivaldi\u201d di Alessandria, a tenere\u00a0domenica 21 agosto alle ore 17.30 nell&#8217; Oratorio dell&#8217;Annunziata ad Ovada il tradizionale concerto d&#8217;organo inserito nella Stagione sugli organi storici di quest&#8217;anno, organizzata dagli Amici dell&#8217;Organo e tradizionalmente sostenuta dalle Fondazioni CRAL e CRT, dal Gruppo Amag, dalla Regione e dal Consiglio regionale del Piemonte.<\/p>\n<p>Il programma, pensato appositamente per le caratteristiche del bell&#8217;organo &#8220;Serassi &#8211; Bianchi&#8221;,\u00a0 comprende brani di<br \/>\nGIROLAMO FRESCOBALDI (1583-1643)<br \/>\nToccata I<br \/>\nBergamasca<\/p>\n<p>BERNARDO PASQUINI (1636-1710)<br \/>\nToccata del Secondo Tono<\/p>\n<p>JAN PIETERSZOON SWEELINCK (156 -1621)<br \/>\nVariatio More Palatino<\/p>\n<p>DOMENICO ZIPOLI (1688-1726)<br \/>\nCanzona in re minore<br \/>\nPartite in la minore<\/p>\n<p>JOHANN SEBASTIAN BACH (1685-1750)<br \/>\nConcerto in Fa Maggiore BWV 978 (Allegro, Largo, Allegro)<br \/>\ntrascrizione del Concerto per Archi e Continuo in Sol Maggiore di A. Vivaldi RV 310<\/p>\n<p>WOLFGANG AMADEUS MOZART (1756-1791)<br \/>\nAndante f\u00fcr eine walze in eine kleine Orgel KV 616<\/p>\n<p>FERDINANDO PROVESI (1770-1833)<br \/>\nSinfonia allegra del M\u00b0 Provesi<\/p>\n<p>Andrea Verrando, nato a Sanremo nel 1981, si \u00e8 avvicinato agli studi musicali in giovane et\u00e0.<br \/>\nHa studiato Organo presso l\u2019 Istituto Diocesano di Musica Sacra \u201cCan. Giogioso\u201d di Bordighera conseguendo il diploma di Organista Liturgico sotto la guida del M\u00b0 Silvano Rodi.<br \/>\nHa studiato Organo al Conservatorio \u201cA. Vivaldi\u201d di Alessandria con i M\u00b0 Letizia Romiti e Daniele Boccaccio, conseguendo il Diploma Accademico di I Livello in Organo e Composizione Organistica.<br \/>\nHa studiato Clavicembalo con il M\u00b0 Gianmaria Bonino e il M\u00b0 Francesca Lanfranco.<br \/>\nHa seguito masterclass e sessioni di studio sulla prassi esecutiva della musica antica.<br \/>\nDal 2002 al 2007 ha ricoperto la carica di vice organista nella chiesta Cattolica di Tutti i Santi di Sanremo.<br \/>\nDalla sua fondazione nel 2005 \u00e8 organista titolare della Cappella Musicale della Diocesi di Ventimiglia \u2013 Sanremo.<br \/>\nDal 2008 \u00e8 organista del grande organo &#8220;Carrara&#8221; della Cattedrale di Ventimiglia del quale ricopre la carica di organista titolare dal 2021.<br \/>\nE\u2019 docente della classe di organo liturgico della Scuola Diocesana di Musica Sacra della Diocesi di Ventimiglia \u2013 Sanremo.<br \/>\nDal 2021 \u00e8 membro della Commissione di Arte Sacra della Diocesi di Ventimiglia &#8211; Sanremo in qualit\u00e0 di consulente per il restauro e valorizzazione del vasto patrimonio organaro presente nella Diocesi.<br \/>\nHa tenuto concerti sia in in qualit\u00e0 di solista che di continuista sia all`Organo che al Clavicembalo.<\/p>","excerpt":"","slug":"concerto-andrea-verrando-21-agosto-2022","image":false,"all_day":false,"start_date":"2022-08-21 17:30:00","start_date_details":{"year":"2022","month":"08","day":"21","hour":"17","minutes":"30","seconds":"00"},"end_date":"2022-08-21 18:30:00","end_date_details":{"year":"2022","month":"08","day":"21","hour":"18","minutes":"30","seconds":"00"},"utc_start_date":"2022-08-21 15:30:00","utc_start_date_details":{"year":"2022","month":"08","day":"21","hour":"15","minutes":"30","seconds":"00"},"utc_end_date":"2022-08-21 16:30:00","utc_end_date_details":{"year":"2022","month":"08","day":"21","hour":"16","minutes":"30","seconds":"00"},"timezone":"Europe\/Rome","timezone_abbr":"CEST","cost":"","cost_details":{"currency_symbol":"","currency_code":"","currency_position":"prefix","values":[]},"website":"","show_map":false,"show_map_link":false,"hide_from_listings":false,"sticky":false,"featured":false,"categories":[{"name":"Concerti 2022","slug":"concerti-2022","term_group":0,"term_taxonomy_id":223,"taxonomy":"tribe_events_cat","description":"","parent":0,"count":15,"filter":"raw","id":223,"urls":{"self":"https:\/\/www.amicidellorgano.org\/index.php\/wp-json\/tribe\/events\/v1\/categories\/223","collection":"https:\/\/www.amicidellorgano.org\/index.php\/wp-json\/tribe\/events\/v1\/categories"}}],"tags":[{"name":"andrea verrando","slug":"andrea-verrando","term_group":0,"term_taxonomy_id":225,"taxonomy":"post_tag","description":"","parent":0,"count":3,"filter":"raw","id":225,"urls":{"self":"https:\/\/www.amicidellorgano.org\/index.php\/wp-json\/tribe\/events\/v1\/tags\/225","collection":"https:\/\/www.amicidellorgano.org\/index.php\/wp-json\/tribe\/events\/v1\/tags"}},{"name":"concerti2022","slug":"concerti2022","term_group":0,"term_taxonomy_id":214,"taxonomy":"post_tag","description":"","parent":0,"count":30,"filter":"raw","id":214,"urls":{"self":"https:\/\/www.amicidellorgano.org\/index.php\/wp-json\/tribe\/events\/v1\/tags\/214","collection":"https:\/\/www.amicidellorgano.org\/index.php\/wp-json\/tribe\/events\/v1\/tags"}},{"name":"ovada","slug":"ovada","term_group":0,"term_taxonomy_id":25,"taxonomy":"post_tag","description":"","parent":0,"count":20,"filter":"raw","id":25,"urls":{"self":"https:\/\/www.amicidellorgano.org\/index.php\/wp-json\/tribe\/events\/v1\/tags\/25","collection":"https:\/\/www.amicidellorgano.org\/index.php\/wp-json\/tribe\/events\/v1\/tags"}}],"venue":{"id":345,"author":"1","status":"publish","date":"2016-06-23 13:53:22","date_utc":"2016-06-23 11:53:22","modified":"2017-06-20 23:48:54","modified_utc":"2017-06-20 21:48:54","url":"https:\/\/www.amicidellorgano.org\/index.php\/luogo\/oratorio-dellannunziata\/","venue":"Oratorio dell&#8217;Annunziata &#8211; Ovada","slug":"oratorio-dellannunziata","address":"Via San Paolo 37","city":"Ovada","country":"Italia","province":"Alessandria","zip":"15076","website":"https:\/\/www.facebook.com\/Chiesa-della-Confraternita-della-SS-Annunziata-Ovada-218794438275674\/","stateprovince":"Alessandria","json_ld":{"@type":"Place","name":"Oratorio dell&#8217;Annunziata &#8211; Ovada","description":"","url":"","address":{"@type":"PostalAddress","streetAddress":"Via San Paolo 37","addressLocality":"Ovada","addressRegion":"Alessandria","postalCode":"15076","addressCountry":"Italia"},"telephone":"","sameAs":"https:\/\/www.facebook.com\/Chiesa-della-Confraternita-della-SS-Annunziata-Ovada-218794438275674\/"},"show_map":true,"show_map_link":true,"global_id":"www.amicidellorgano.org?id=345","global_id_lineage":["www.amicidellorgano.org?id=345"]},"organizer":[{"id":308,"author":"1","status":"publish","date":"2016-06-14 14:36:02","date_utc":"2016-06-14 12:36:02","modified":"2020-08-04 12:51:39","modified_utc":"2020-08-04 10:51:39","url":"https:\/\/www.amicidellorgano.org\/index.php\/organizzatore\/letizia-romiti\/","organizer":"Letizia Romiti","description":"<p align=\"justify\">Letizia Romiti, di origine toscana, si \u00e8 diplomata in Organo e Composizione organistica sotto la guida di Luigi Benedetti presso il Conservatorio \u201cG. Verdi\u201d di Milano ed ha conseguito presso l\u2019Universit\u00e0 degli Studi della stessa citt\u00e0 la laurea in Filosofia con una tesi sulle messe organistiche di G. Cavazzoni, relatore G. Barblan. Si \u00e8 poi diplomata in clavicembalo presso il Conservatorio di Brescia con Fiorella Brancacci ed in Prepolifonia presso il Conservatorio di Torino ove ha studiato con Wally Pellizzari e Fulvio Rampi.<\/p>\n<p align=\"JUSTIFY\">Ha frequentato per cinque anni il corso di Luigi Ferdinando Tagliavini presso l\u2019Accademia di musica antica italiana per organo di Pistoia e corsi di interpretazione tenuti da Kenneth Gilbert, Anton Heiller, Ton Koopman e da altri qualificatissimi Maestri.<\/p>\n<p align=\"JUSTIFY\">Ha collaborato con riviste musicali e quotidiani ed ha pubblicato il volume \u201cGli organi storici della citt\u00e0 di Alessandria\u201d.<\/p>\n<p align=\"JUSTIFY\">Ha tenuto concerti in tutta Europa, negli Stati Uniti e nell\u2019ex Unione Sovietica, esibendosi in rassegne e sedi prestigiose fra cui la Neue Gewandhaus di Lipsia, lo Schauspielhaus di Berlino, il teatro dell\u2019Opera di Kiev, le \u201cSemaines Internationales d\u2019Orgue de Dijon\u201d, il Festival internazionale di musica classica di Napoli, il Festival \u201dSlovensk\u00e9 Historich\u00e8 Organy\u201d, le \u201cJornadas Internacionales de Organo\u201d di Zaragoza, \u201cSettembre Musica\u201d di Torino, Festival di Treviso e della marca trevigiana, \u201cCambridge Summer Recitals\u201d, i Festivals di Lausanne, Leon, di Cervo e di Sion, le manifestazioni ufficiali per GENOVA 2004, le Cattedrali di Bordeaux, di Bellinzona, di Siviglia, di Malaga, di Konstanz, di Chester, di Varsavia e di Oliwa, l\u2019Auditorium del Conservatorio di Kazan (Russia), i Concerti dell\u2019Accademia di Pistoia.<\/p>\n<p align=\"JUSTIFY\">Ha effettuato numerose incisioni discografiche, tra le quali spiccano l\u2019opera organistica di Carlo Mosso, registrata in prima mondiale per la prestigiosa etichetta TACTUS, ed il recentissimo \u201c Johann Sebastian Bach \u2013 Christmas organ music\u201d edito da ELEGIA RECORDS, entrambe premiate con cinque stelle dalla prestigiosa rivista MUSICA.<\/p>\n<p align=\"JUSTIFY\">Sue registrazioni ed esecuzioni dal vivo sono state trasmesse da terzo canale Rai, da RAI UNO, da Radio Vaticana, dalla Radiotelevisione spagnola e cecoslovacca.<\/p>\n<p align=\"JUSTIFY\">Ha tenuto \u201cmasterclasses\u201d sulla musica antica italiana per organo e corsi di interpretazione in Italia ed all\u2019estero.<\/p>\n<p align=\"JUSTIFY\">E\u2019 docente di organo e Composizione organistica presso il Conservatorio \u201cA. Vivaldi\u201d di Alessandria.<\/p>\n<p align=\"JUSTIFY\">Suona regolarmente in duo con Elena Romiti (oboe e Corno Inglese) e con il proprio Maestro Luigi Benedetti, organista emerito del Duomo di Milano, e collabora con gruppi orchestrali, cameristici e vocali.<\/p>\n<p align=\"JUSTIFY\">Dal 1978 collabora con la Provincia di Alessandria quale consulente artistico per l\u2019organizzazione della Stagione di concerti sugli strumenti storici del territorio.<\/p>","slug":"letizia-romiti","phone":"3387193623","website":"www.amicidellorgano.org","email":"letizia.romiti@gmail.com","json_ld":{"@type":"Person","name":"Letizia Romiti","description":"&lt;p&gt;Letizia Romiti, di origine toscana, si \u00e8 diplomata in Organo e Composizione organistica sotto la guida di Luigi Benedetti presso il Conservatorio \u201cG. Verdi\u201d di Milano ed ha conseguito presso &hellip; &lt;a href=&quot;https:\/\/www.amicidellorgano.org\/index.php\/organizzatore\/letizia-romiti\/&quot; class=&quot;more-link&quot;&gt;Continua la lettura di &lt;span class=&quot;screen-reader-text&quot;&gt;Letizia Romiti&lt;\/span&gt; &lt;span class=&quot;meta-nav&quot;&gt;&rarr;&lt;\/span&gt;&lt;\/a&gt;&lt;\/p&gt;\\n","url":"http:\/\/www.amicidellorgano.org","telephone":"3387193623","email":"l&#101;&#116;&#105;&#122;ia&#46;&#114;&#111;&#109;&#105;t&#105;&#64;gma&#105;&#108;.com","sameAs":"http:\/\/www.amicidellorgano.org"},"global_id":"www.amicidellorgano.org?id=308","global_id_lineage":["www.amicidellorgano.org?id=308"]}],"custom_fields":[],"json_ld":{"@context":"http:\/\/schema.org","@type":"Event","name":"Concerto Andrea Verrando &#8211; 21 agosto 2022","description":"&lt;p&gt;Concerto Andrea Verrando - 21 agosto 2022 Domenica 21 agosto 2022, ore 17.30 OVADA, Oratorio dell\\'Annunziata ANDREA VERRANDO, organo XLIII Stagione internazionale di concerti sugli organi storici La Stagione \u00e8 &hellip; &lt;a href=&quot;https:\/\/www.amicidellorgano.org\/index.php\/event\/concerto-andrea-verrando-21-agosto-2022\/&quot; class=&quot;more-link&quot;&gt;Continua la lettura di &lt;span class=&quot;screen-reader-text&quot;&gt;Concerto Andrea Verrando &#8211; 21 agosto 2022&lt;\/span&gt; &lt;span class=&quot;meta-nav&quot;&gt;&rarr;&lt;\/span&gt;&lt;\/a&gt;&lt;\/p&gt;\\n","url":"https:\/\/www.amicidellorgano.org\/index.php\/event\/concerto-andrea-verrando-21-agosto-2022\/","eventAttendanceMode":"https:\/\/schema.org\/OfflineEventAttendanceMode","eventStatus":"https:\/\/schema.org\/EventScheduled","startDate":"2022-08-21T17:30:00+02:00","endDate":"2022-08-21T18:30:00+02:00","location":{"@type":"Place","name":"Oratorio dell&#8217;Annunziata &#8211; Ovada","description":"","url":"","address":{"@type":"PostalAddress","streetAddress":"Via San Paolo 37","addressLocality":"Ovada","addressRegion":"Alessandria","postalCode":"15076","addressCountry":"Italia"},"telephone":"","sameAs":"https:\/\/www.facebook.com\/Chiesa-della-Confraternita-della-SS-Annunziata-Ovada-218794438275674\/"},"organizer":{"@type":"Person","name":"Letizia Romiti","description":"&lt;p&gt;Letizia Romiti, di origine toscana, si \u00e8 diplomata in Organo e Composizione organistica sotto la guida di Luigi Benedetti presso il Conservatorio \u201cG. Verdi\u201d di Milano ed ha conseguito presso &hellip; &lt;a href=&quot;https:\/\/www.amicidellorgano.org\/index.php\/organizzatore\/letizia-romiti\/&quot; class=&quot;more-link&quot;&gt;Continua la lettura di &lt;span class=&quot;screen-reader-text&quot;&gt;Letizia Romiti&lt;\/span&gt; &lt;span class=&quot;meta-nav&quot;&gt;&rarr;&lt;\/span&gt;&lt;\/a&gt;&lt;\/p&gt;\\n","url":"http:\/\/www.amicidellorgano.org","telephone":"3387193623","email":"&#108;&#101;ti&#122;&#105;&#97;.rom&#105;&#116;&#105;&#64;&#103;ma&#105;&#108;&#46;&#99;o&#109;","sameAs":"http:\/\/www.amicidellorgano.org"},"performer":"Organization"}}