{"id":382,"date":"2016-06-27T11:21:58","date_gmt":"2016-06-27T09:21:58","guid":{"rendered":"http:\/\/www.amicidellorgano.org\/?p=382"},"modified":"2016-06-27T12:23:56","modified_gmt":"2016-06-27T10:23:56","slug":"concerto-coro-gregoriano-haec-dies-musiche-di-andrea-gabrieli","status":"publish","type":"post","link":"http:\/\/www.amicidellorgano.org\/index.php\/2016\/06\/27\/concerto-coro-gregoriano-haec-dies-musiche-di-andrea-gabrieli\/","title":{"rendered":"Concerto Coro Gregoriano Haec Dies \u2013 Musiche di Andrea Gabrieli &#8211; 29 giugno 2016"},"content":{"rendered":"<p>Il primo concerto della nuova Stagione si svolger\u00e0 mercoled\u00ec 29 giugno alle ore 21 nella <strong>Collegiata di San Pietro<\/strong> a <strong>CASTELNUOVO SCRIVIA<\/strong>, interpreti<br \/>\nil <strong>CORO GREGORIANO &#8220;HAEC DIES&#8221;<\/strong> diretto da <strong>EZIO AIMASSO<\/strong> con <strong>LETIZIA ROMITI<\/strong> all&#8217; organo.<\/p>\n<p>Verranno proposte musiche di <strong>Andrea Gabrieli<\/strong> (1533 ? &#8211; 1585) per solo organo: Toccata del quinto tono, Intonazione del primo tono, Recercar arioso (III), Pass&#8217;e mezzo antico e la &#8220;Missa del Beata Virgine&#8221; alternata ai versetti gregoriani della Messa &#8220;Cum Jubilo&#8221;.<\/p>\n<p>La rassegna \u00e8 stata realizzata con il sostegno della <strong>Compagnia di San Paolo nell\u2019ambito della Scadenza Unica 2016 Performing Arts<\/strong>.<br \/>\nSi ringraziano <strong>Fondazioni CRT, CRAL e SOCIAL<\/strong>, il <strong>Conservatorio \u201cVivaldi\u201d<\/strong> per la preziosa collaborazione che ci aiuta sempre a mantenere elevata l\u2019offerta artistica.<!--more--><\/p>\n<p><strong>Haec Dies<\/strong> \u00e8 un gruppo di otto elementi provenienti da diverse esperienze musicali, ed accomunati dalla passione per il canto gregoriano.<\/p>\n<p><img loading=\"lazy\" decoding=\"async\" class=\"size-medium wp-image-393 aligncenter\" src=\"http:\/\/www.amicidellorgano.org\/wp-content\/uploads\/foto\/foto-coro-Haec-Dies-aggiornata-2016-300x225.jpg\" alt=\"Coro Gregoriano Haec Dies\" width=\"300\" height=\"225\" \/>Attivo dal 2009, si \u00e8 dedicato allo studio del repertorio tradizionale e delle fonti manoscritte, con l&#8217;obiettivo di acquisire le qualit\u00e0 tecniche e culturali necessarie ad un approccio consapevole ed aggiornato.<br \/>\nLa presenza di Haec Dies cerca di collocarsi il pi\u00f9 possibile in una contestualizzazione precisa, partecipando sia a celebrazioni liturgiche sia a serate di approfondimento sul canto sacro.<br \/>\nIn questo profilo sono da segnalare la collaborazione con l\u2019orchestra Bartolomeo Bruni di Cuneo nell\u2019esecuzione dello Stabat Mater di Pergolesi, e con il Coro dell\u2019Universit\u00e0 degli Studi di Torino, diretto dal maestro Sergio Pasteris, per la realizzazione del CD Compositori in Piemonte. Dalla sua fondazione Haec dies \u00e8 diretto da Ezio Aimasso.<br \/>\nDal 2013 \u00e8 parte dell\u2019associazione Organicantum.<\/p>\n<p><strong>Ezio Aimasso<\/strong> \u00e8 nato a Guarene (Cuneo) nel 1951. Dopo la laurea in Medicina e Chirurgia e la specializzazione in Pediatria presso l\u2019Universit\u00e0 degli Studi di Torino, si \u00e8 dedicato allo studio della Musica corale, diplomandosi nel 1998 presso il Conservatorio \u201cG.F. Ghedini\u201d di Cuneo.<br \/>\nSuccessivamente ha intrapreso lo studio del Canto Gregoriano, conseguendo il diploma e la laurea presso il Conservatorio \u201cG. Verdi\u201d di Torino nella classe del prof. Fulvio Rampi.<br \/>\nSotto la guida dei proff. Daniel Saulnier e Giacomo Baroffio, nel 2012 ha completato gli studi di dottorato di ricerca in Canto Gregoriano presso il Pontificio Istituto di Musica Sacra di Roma (Summa cum Laude).<br \/>\nHa pubblicato per la casa editrice Antares il libro L\u2019Antifonale iemale della chiesa vercellese (Vercelli, Biblioteca Capitolare LXX).<br \/>\nViene sovente invitato da associazioni culturali e da insegnanti di conservatorio a tenere seminari sul canto gregoriano.<br \/>\nQuale esperto della musica dell\u2019epoca collabora con la cattedra di Storia medioevale della facolt\u00e0 di Scienza della formazione dell\u2019Universit\u00e0 di Torino. Nel 2009 ha fondato il coro gregoriano Haec dies, attualmente formato da 8 elementi, che dirige tuttora. \u00c8 direttore dell\u2019Istituto Diocesano di Musica Sacra di Alba.<\/p>\n<p><strong>Letizia Romiti<\/strong>, di origine toscana, si \u00e8 diplomata in Organo e Composizione organistica sotto la guida di Luigi Benedetti presso il Conservatorio \u201cG. Verdi\u201d di Milano ed ha conseguito presso l\u2019Universit\u00e0 degli Studi della stessa citt\u00e0 la laurea in Filosofia con una tesi sulle messe organistiche di G. Cavazzoni, relatore G. Barblan. Si \u00e8 poi diplomata in clavicembalo presso il Conservatorio di Brescia con Fiorella Brancacci ed in Prepolifonia presso il Conservatorio di Torino ove ha studiato con Wally Pellizzari e Fulvio Rampi.<br \/>\nHa frequentato per cinque anni il corso di Luigi Ferdinando Tagliavini presso l\u2019Accademia di musica antica italiana per organo di Pistoia e corsi di interpretazione tenuti da Kenneth Gilbert, Anton Heiller, Ton Koopman e da altri qualificatissimi Maestri.<\/p>\n<p><img loading=\"lazy\" decoding=\"async\" class=\"size-medium wp-image-394 aligncenter\" src=\"http:\/\/www.amicidellorgano.org\/wp-content\/uploads\/foto\/foto-Romiti-Ales-300x203.jpg\" alt=\"Letizia Romiti\" width=\"300\" height=\"203\" \/><br \/>\nHa collaborato con riviste musicali e quotidiani ed ha pubblicato il volume \u201cGli organi storici della citt\u00e0 di Alessandria\u201d.<br \/>\nHa tenuto concerti in tutta Europa, negli Stati Uniti e nell\u2019ex Unione Sovietica, esibendosi in rassegne e sedi prestigiose fra cui la Neue Gewandhaus di Lipsia, lo Schauspielhaus di Berlino, il teatro dell\u2019Opera di Kiev, le \u201cSemaines Internationales d\u2019Orgue de Dijon\u201d, il Festival internazionale di musica classica di Napoli, il Festival \u201dSlovensk\u00e9 Historich\u00e8 Organy\u201d, le \u201cJornadas Internacionales de Organo\u201d di Zaragoza, \u201cSettembre Musica\u201d di Torino, Festival di Treviso e della marca trevigiana, \u201cCambridge Summer Recitals\u201d, Societ\u00e0 dei Concerti di Milano, i Festivals di Lausanne, Leon, di Cervo e di Sion, le manifestazioni ufficiali per GENOVA 2004, le Cattedrali di Bordeaux, di Bellinzona, di Siviglia, di Malaga, di Konstanz, di Chester, di Varsavia e di Oliwa, l\u2019Auditorium del Conservatorio di Kazan (Russia), i Concerti dell\u2019Accademia di Pistoia.<br \/>\nHa effettuato numerose incisioni discografiche, tra le quali spiccano l&#8217;opera organistica di Carlo Mosso, registrata in prima mondiale per la prestigiosa etichetta TACTUS, ed il recentissimo \u201c Johann Sebastian Bach \u2013 Christmas organ music\u201d edito da ELEGIA RECORDS, entrambe premiate con cinque stelle dalla prestigiosa rivista MUSICA.<br \/>\nSue registrazioni ed esecuzioni dal vivo sono state trasmesse da terzo canale Rai, da RAI UNO, da Radio Vaticana, dalla Radiotelevisione spagnola e cecoslovacca.<br \/>\nHa tenuto \u201cmasterclasses\u201d sulla musica antica italiana per organo e corsi di interpretazione in Italia ed all\u2019estero, recentemente anche negli Stati Uniti.<br \/>\nE\u2019 docente di organo e Composizione organistica presso il Conservatorio \u201cA. Vivaldi\u201d di Alessandria.<br \/>\nSuona regolarmente in duo con Elena Romiti (oboe e Corno Inglese) e con il proprio Maestro Luigi Benedetti, organista emerito del Duomo di Milano, e collabora con gruppi orchestrali, cameristici e vocali.<br \/>\nDal 1978 collabora con la Provincia di Alessandria quale consulente artistico per l\u2019organizzazione della Stagione di concerti sugli strumenti storici del territorio.<\/p>\n<p><strong>Andrea Gabrieli<\/strong> \u00e8 uno dei padri fondatori della letteratura organistica italiana. Coltiv\u00f2 con successo tutte le forme musicali del tempo, lasciando dei grandi capolavori strumentali oltre che vocali, ma si distinse soprattutto nella Toccata e nel Ricercare, sulle quali sono basati i versetti organistici della Messa della Madonna.<br \/>\nSi distinse per un&#8217;espressione molto virtuosa, che rese le sue toccate per organo importantissime per la musica cinquecentesca e diede cos\u00ec un&#8217;importante svolta. Infatti queste toccate dal carattere di improvvisazione e ricche di passaggi virtuosistici ad ampio respiro, introdussero un nuovo atteggiamento verso la musica strumentale.<\/p>\n<p><img loading=\"lazy\" decoding=\"async\" class=\"alignnone size-full wp-image-121\" src=\"http:\/\/www.amicidellorgano.org\/wp-content\/uploads\/icone\/s_icon_pdf.gif\" alt=\"Icona pdf\" width=\"16\" height=\"16\" \/> <a href=\"http:\/\/www.amicidellorgano.org\/wp-content\/uploads\/concerti2016\/librettoconcerti2016.pdf\">Scarica il libretto della manifestazione (file pdf 2 Mb)<\/a><\/p>\n","protected":false},"excerpt":{"rendered":"<p>Il primo concerto della nuova Stagione si svolger\u00e0 mercoled\u00ec 29 giugno alle ore 21 nella Collegiata di San Pietro a CASTELNUOVO SCRIVIA, interpreti il CORO GREGORIANO &#8220;HAEC DIES&#8221; diretto da &hellip; <a href=\"http:\/\/www.amicidellorgano.org\/index.php\/2016\/06\/27\/concerto-coro-gregoriano-haec-dies-musiche-di-andrea-gabrieli\/\" class=\"more-link\">Continua la lettura di <span class=\"screen-reader-text\">Concerto Coro Gregoriano Haec Dies \u2013 Musiche di Andrea Gabrieli &#8211; 29 giugno 2016<\/span> <span class=\"meta-nav\">&rarr;<\/span><\/a><\/p>\n","protected":false},"author":1,"featured_media":0,"comment_status":"open","ping_status":"open","sticky":false,"template":"","format":"standard","meta":{"footnotes":""},"categories":[7],"tags":[54,15,8,55,17,18],"class_list":["post-382","post","type-post","status-publish","format-standard","hentry","category-concerti2016","tag-castelnuovo-scrivia","tag-collegiata-san-pietro","tag-concerti2016","tag-ezio-aimasso","tag-haec-dies","tag-letizia-romiti"],"_links":{"self":[{"href":"http:\/\/www.amicidellorgano.org\/index.php\/wp-json\/wp\/v2\/posts\/382"}],"collection":[{"href":"http:\/\/www.amicidellorgano.org\/index.php\/wp-json\/wp\/v2\/posts"}],"about":[{"href":"http:\/\/www.amicidellorgano.org\/index.php\/wp-json\/wp\/v2\/types\/post"}],"author":[{"embeddable":true,"href":"http:\/\/www.amicidellorgano.org\/index.php\/wp-json\/wp\/v2\/users\/1"}],"replies":[{"embeddable":true,"href":"http:\/\/www.amicidellorgano.org\/index.php\/wp-json\/wp\/v2\/comments?post=382"}],"version-history":[{"count":9,"href":"http:\/\/www.amicidellorgano.org\/index.php\/wp-json\/wp\/v2\/posts\/382\/revisions"}],"predecessor-version":[{"id":397,"href":"http:\/\/www.amicidellorgano.org\/index.php\/wp-json\/wp\/v2\/posts\/382\/revisions\/397"}],"wp:attachment":[{"href":"http:\/\/www.amicidellorgano.org\/index.php\/wp-json\/wp\/v2\/media?parent=382"}],"wp:term":[{"taxonomy":"category","embeddable":true,"href":"http:\/\/www.amicidellorgano.org\/index.php\/wp-json\/wp\/v2\/categories?post=382"},{"taxonomy":"post_tag","embeddable":true,"href":"http:\/\/www.amicidellorgano.org\/index.php\/wp-json\/wp\/v2\/tags?post=382"}],"curies":[{"name":"wp","href":"https:\/\/api.w.org\/{rel}","templated":true}]}}