{"id":377,"date":"2016-06-23T16:04:08","date_gmt":"2016-06-23T14:04:08","guid":{"rendered":"http:\/\/www.amicidellorgano.org\/?p=377"},"modified":"2016-06-23T16:04:08","modified_gmt":"2016-06-23T14:04:08","slug":"conferenza-stampa-di-presentazione-della-rassegna-2016","status":"publish","type":"post","link":"http:\/\/www.amicidellorgano.org\/index.php\/2016\/06\/23\/conferenza-stampa-di-presentazione-della-rassegna-2016\/","title":{"rendered":"Conferenza stampa di presentazione della Rassegna 2016"},"content":{"rendered":"<p>Questa mattina gioved\u00ec 23 giugno 2016 nella sala giunta della Provincia di Alessandria \u00e8 stata ufficialmente presentata la trentasettesima Stagione Internazionale di concerti sugli organi storici della provincia di Alessandria.<br \/>\nIl programma, pi\u00f9 ricco del solito, prevede ben diciotto concerti distribuiti equamente sul territorio alessandrino.<!--more--><br \/>\n&#8220;Il sottotitolo di questa XXXVII Stagione di concerti &#8211; dice Letizia Romiti coordinatrice artistica della Rassegna &#8211; potrebbe essere a buon diritto &#8220;la Stagione del cambiamento&#8221; perch\u00e9 per la prima volta, nonostante l&#8217; intento sia come sempre quello di salvaguardare la diffusione della musica organistica classica e l&#8217;uso degli antichi strumenti del territorio, apriremo a generi musicali assai diversi dal nostro con proposte assolutamente inusuali e raramente presenti in un Festival organistico tradizionale.<br \/>\nPotrete ascoltare un concerto con l&#8217;organo Hammond, strumento che evoca per tutti la musica leggera degli anni 60, ma che in realt\u00e0 nacque proprio per la liturgia, nel tentativo di ovviare alla mancanza dell&#8217; organo a canne in quelle chiese che ne erano sprovviste. In omaggio a queste origini il maestro Pier Dino Tisato proporr\u00e0 un programma originalissimo, accostando brani classici a melodie popolari dell&#8217;epoca.<br \/>\nIl secondo concerto ad Oviglio \u00e8 invece una contaminazione assai ardita fra la musica italiana del &#8216; 500 ed il Jazz.<br \/>\nIl titolo, &#8220;Frescobaldi per noi&#8221;, \u00e8 quello di un CD che il celebre fisarmonicista Gianni Coscia volle realizzare nel 2007 su temi e suggestioni frescobaldiane. Il programma, composto da brani del grande compositore rinascimentale ed inframezzato da interventi dello stesso Gianni Coscia, dar\u00e0 modo di capire perch\u00e9 un Maestro tanto lontano nel tempo abbia potuto affascinare dei musicisti jazz, e perch\u00e9 il suo linguaggio, a distanza di quasi cinque secoli, possa essere considerato ancora attuale.<br \/>\nNon mancheranno comunque gli appuntamenti tradizionali, che gi\u00e0 ci hanno guadagnato la Medaglia del Presidente della Repubblica e l&#8217; &#8220;EFFE Label&#8221; della Comunit\u00e0 Europea, anche se quest&#8217;anno i concerti per organo solo sono in minoranza rispetto a quelli che prevedono accostamenti con strumenti diversi. In compenso ad Alessandria verr\u00e0 proposta, in prima assoluta per la nostra provincia, la monumentale Terza Sinfonia di Saint-Saens per organo e orchestra.<br \/>\nAlcune iniziative collaterali, come la masterclass di Gail Archer a Garbagna (15-17 luglio), la visita ad un laboratorio di costruzione di clavicembali ed una lezione sull&#8217;organo per le scuole di Oviglio faranno da corollario ai concerti.<br \/>\nLa rassegna \u00e8 stata realizzata con il sostegno della Compagnia di San Paolo nell\u2019ambito della Scadenza Unica 2016 Performing Arts.<br \/>\nSi ringraziano Fondazioni CRT, CRAL e SOCIAL, il Conservatorio &#8220;Vivaldi&#8221; per la preziosa collaborazione che ci aiuta sempre a mantenere elevata l&#8217;offerta artistica.<\/p>\n","protected":false},"excerpt":{"rendered":"<p>Questa mattina gioved\u00ec 23 giugno 2016 nella sala giunta della Provincia di Alessandria \u00e8 stata ufficialmente presentata la trentasettesima Stagione Internazionale di concerti sugli organi storici della provincia di Alessandria. &hellip; <a href=\"http:\/\/www.amicidellorgano.org\/index.php\/2016\/06\/23\/conferenza-stampa-di-presentazione-della-rassegna-2016\/\" class=\"more-link\">Continua la lettura di <span class=\"screen-reader-text\">Conferenza stampa di presentazione della Rassegna 2016<\/span> <span class=\"meta-nav\">&rarr;<\/span><\/a><\/p>\n","protected":false},"author":1,"featured_media":0,"comment_status":"open","ping_status":"open","sticky":false,"template":"","format":"standard","meta":{"footnotes":""},"categories":[7],"tags":[8,53],"class_list":["post-377","post","type-post","status-publish","format-standard","hentry","category-concerti2016","tag-concerti2016","tag-conferenza-stampa"],"_links":{"self":[{"href":"http:\/\/www.amicidellorgano.org\/index.php\/wp-json\/wp\/v2\/posts\/377"}],"collection":[{"href":"http:\/\/www.amicidellorgano.org\/index.php\/wp-json\/wp\/v2\/posts"}],"about":[{"href":"http:\/\/www.amicidellorgano.org\/index.php\/wp-json\/wp\/v2\/types\/post"}],"author":[{"embeddable":true,"href":"http:\/\/www.amicidellorgano.org\/index.php\/wp-json\/wp\/v2\/users\/1"}],"replies":[{"embeddable":true,"href":"http:\/\/www.amicidellorgano.org\/index.php\/wp-json\/wp\/v2\/comments?post=377"}],"version-history":[{"count":1,"href":"http:\/\/www.amicidellorgano.org\/index.php\/wp-json\/wp\/v2\/posts\/377\/revisions"}],"predecessor-version":[{"id":378,"href":"http:\/\/www.amicidellorgano.org\/index.php\/wp-json\/wp\/v2\/posts\/377\/revisions\/378"}],"wp:attachment":[{"href":"http:\/\/www.amicidellorgano.org\/index.php\/wp-json\/wp\/v2\/media?parent=377"}],"wp:term":[{"taxonomy":"category","embeddable":true,"href":"http:\/\/www.amicidellorgano.org\/index.php\/wp-json\/wp\/v2\/categories?post=377"},{"taxonomy":"post_tag","embeddable":true,"href":"http:\/\/www.amicidellorgano.org\/index.php\/wp-json\/wp\/v2\/tags?post=377"}],"curies":[{"name":"wp","href":"https:\/\/api.w.org\/{rel}","templated":true}]}}